{"id":6293,"date":"2025-05-30T14:00:00","date_gmt":"2025-05-30T14:00:00","guid":{"rendered":"https:\/\/yourboat.es\/la-gran-noche\/"},"modified":"2026-04-07T08:37:21","modified_gmt":"2026-04-07T08:37:21","slug":"la-gran-noche","status":"publish","type":"post","link":"https:\/\/yourboat.es\/de\/la-gran-noche\/","title":{"rendered":"La Gran Noche"},"content":{"rendered":"\n<p data-block-type=\"core\">Wir waren stolz darauf, Teil von <em>La Gran Noche<\/em> zu sein, einer exklusiven Veranstaltung, die Mode und Kunst auf Mallorca feiert.<\/p>\n\n<p data-block-type=\"core\">Der Abend, der am 24. Mai 2025 im CCA Andratx stattfand, brachte Kreativit\u00e4t, Eleganz und inspirierende Begegnungen in einem wirklich einzigartigen Rahmen zusammen. Im Rahmen dieser bemerkenswerten Veranstaltung hatten wir die Gelegenheit, unser Boot zu pr\u00e4sentieren &#8211; eine perfekte Verschmelzung von Design, Handwerkskunst und dem Geist des Lebens auf dem Wasser. <\/p>\n\n<p data-block-type=\"core\">Die Atmosph\u00e4re des Abends war von Kreativit\u00e4t und bedeutungsvollen Verbindungen gepr\u00e4gt und bot eine Plattform, auf der Kunst, Mode und nautisches Design in Harmonie zusammenkamen.<\/p>\n\n<p data-block-type=\"core\">Wir m\u00f6chten uns ganz herzlich f\u00fcr die Gelegenheit bedanken, an diesem besonderen Ereignis teilzunehmen, und auch bei allen, die dabei waren und es zu einem so unvergesslichen Erlebnis gemacht haben. Es war uns ein Vergn\u00fcgen, unsere Leidenschaft zu teilen und Teil eines so inspirierenden Treffens zu sein. <\/p>\n\n<figure class=\"wp-block-image size-large is-resized\" data-block-type=\"core\"><img loading=\"lazy\" decoding=\"async\" width=\"1024\" height=\"768\" src=\"https:\/\/yourboat.es\/wp-content\/uploads\/2026\/04\/IMG_3358-1024x768.jpg\" alt=\"\" class=\"wp-image-6226\" style=\"width:987px;height:auto\" srcset=\"https:\/\/yourboat.es\/wp-content\/uploads\/2026\/04\/IMG_3358-1024x768.jpg 1024w, https:\/\/yourboat.es\/wp-content\/uploads\/2026\/04\/IMG_3358-300x225.jpg 300w, https:\/\/yourboat.es\/wp-content\/uploads\/2026\/04\/IMG_3358-768x576.jpg 768w, https:\/\/yourboat.es\/wp-content\/uploads\/2026\/04\/IMG_3358-1536x1152.jpg 1536w, https:\/\/yourboat.es\/wp-content\/uploads\/2026\/04\/IMG_3358-2048x1536.jpg 2048w\" sizes=\"auto, (max-width: 1024px) 100vw, 1024px\" \/><\/figure>\n","protected":false},"excerpt":{"rendered":"<p>Wir waren stolz darauf, Teil von La Gran Noche zu sein, einer exklusiven Veranstaltung, die Mode und Kunst auf Mallorca feiert. Der Abend, der am 24. Mai 2025 im CCA Andratx stattfand, brachte Kreativit\u00e4t, Eleganz und inspirierende Begegnungen in einem wirklich einzigartigen Rahmen zusammen. Im Rahmen dieser bemerkenswerten Veranstaltung hatten wir die Gelegenheit, unser Boot [&hellip;]<\/p>\n","protected":false},"author":2,"featured_media":6296,"comment_status":"closed","ping_status":"closed","sticky":false,"template":"","format":"standard","meta":{"_acf_changed":false,"inline_featured_image":false,"footnotes":""},"categories":[16],"tags":[],"class_list":["post-6293","post","type-post","status-publish","format-standard","has-post-thumbnail","hentry","category-unkategorisiert"],"blocksy_meta":[],"acf":false,"_links":{"self":[{"href":"https:\/\/yourboat.es\/de\/wp-json\/wp\/v2\/posts\/6293","targetHints":{"allow":["GET"]}}],"collection":[{"href":"https:\/\/yourboat.es\/de\/wp-json\/wp\/v2\/posts"}],"about":[{"href":"https:\/\/yourboat.es\/de\/wp-json\/wp\/v2\/types\/post"}],"author":[{"embeddable":true,"href":"https:\/\/yourboat.es\/de\/wp-json\/wp\/v2\/users\/2"}],"replies":[{"embeddable":true,"href":"https:\/\/yourboat.es\/de\/wp-json\/wp\/v2\/comments?post=6293"}],"version-history":[{"count":1,"href":"https:\/\/yourboat.es\/de\/wp-json\/wp\/v2\/posts\/6293\/revisions"}],"predecessor-version":[{"id":6298,"href":"https:\/\/yourboat.es\/de\/wp-json\/wp\/v2\/posts\/6293\/revisions\/6298"}],"wp:featuredmedia":[{"embeddable":true,"href":"https:\/\/yourboat.es\/de\/wp-json\/wp\/v2\/media\/6296"}],"wp:attachment":[{"href":"https:\/\/yourboat.es\/de\/wp-json\/wp\/v2\/media?parent=6293"}],"wp:term":[{"taxonomy":"category","embeddable":true,"href":"https:\/\/yourboat.es\/de\/wp-json\/wp\/v2\/categories?post=6293"},{"taxonomy":"post_tag","embeddable":true,"href":"https:\/\/yourboat.es\/de\/wp-json\/wp\/v2\/tags?post=6293"}],"curies":[{"name":"wp","href":"https:\/\/api.w.org\/{rel}","templated":true}]}}