{"id":5213,"date":"2024-04-17T17:33:00","date_gmt":"2024-04-17T17:33:00","guid":{"rendered":"https:\/\/yourboat.es\/salon-nautico-internacional-de-palma-2024-estuvimos-alli\/"},"modified":"2026-04-04T13:52:47","modified_gmt":"2026-04-04T13:52:47","slug":"salon-nautico-internacional-de-palma-2024-estuvimos-alli","status":"publish","type":"post","link":"https:\/\/yourboat.es\/es\/salon-nautico-internacional-de-palma-2024-estuvimos-alli\/","title":{"rendered":"Sal\u00f3n N\u00e1utico Internacional de Palma 2024 &#8211; \u00a1Estuvimos all\u00ed!"},"content":{"rendered":"\n<p data-block-type=\"core\">El Sal\u00f3n N\u00e1utico Internacional de Palma es uno de los acontecimientos m\u00e1s importantes del sector n\u00e1utico en Europa, y marca el inicio oficial de la temporada de salones n\u00e1uticos en las Islas Baleares. Se celebra en el hermoso puerto de Palma de Mallorca y atrae a fabricantes, aficionados a la n\u00e1utica y profesionales del sector de todo el mundo. Es un lugar donde confluyen la pasi\u00f3n por la navegaci\u00f3n, la tecnolog\u00eda punta y el estilo de vida de lujo en el agua.  <\/p>\n\n<div class=\"wp-block-stackable-image stk-block-image stk-block stk-26ba31e\" data-block-id=\"26ba31e\"><style>.stk-26ba31e {margin-bottom:10px !important;}.stk-26ba31e .stk-img-wrapper{aspect-ratio:4\/3 !important;height:575px !important;--stk-gradient-overlay:0.4 !important;}.stk-26ba31e .stk-img-wrapper img{transform:scale(1.2) !important;}:where(.stk-hover-parent:hover,  .stk-hover-parent.stk--is-hovered) .stk-26ba31e .stk-img-wrapper img{transform:scale(1) !important;}.stk-26ba31e .stk-img-wrapper::after{background-color:var(--theme-palette-color-4, #102136) !important;}:where(.stk-hover-parent:hover,  .stk-hover-parent.stk--is-hovered) .stk-26ba31e .stk-img-wrapper::after{background-color:var(--theme-palette-color-2, #5e3fde) !important;}:where(.stk-hover-parent:hover,  .stk-hover-parent.stk--is-hovered) .stk-26ba31e .stk-img-wrapper{--stk-gradient-overlay:0.95 !important;}<\/style><figure><span class=\"stk-img-wrapper stk-image--shape-stretch\"><img loading=\"lazy\" decoding=\"async\" class=\"stk-img wp-image-5197\" src=\"https:\/\/yourboat.es\/wp-content\/uploads\/2025\/04\/IMG_5165-scaled.jpg\" width=\"1920\" height=\"2560\" srcset=\"https:\/\/yourboat.es\/wp-content\/uploads\/2025\/04\/IMG_5165-scaled.jpg 1920w, https:\/\/yourboat.es\/wp-content\/uploads\/2025\/04\/IMG_5165-225x300.jpg 225w, https:\/\/yourboat.es\/wp-content\/uploads\/2025\/04\/IMG_5165-768x1024.jpg 768w, https:\/\/yourboat.es\/wp-content\/uploads\/2025\/04\/IMG_5165-1152x1536.jpg 1152w, https:\/\/yourboat.es\/wp-content\/uploads\/2025\/04\/IMG_5165-1536x2048.jpg 1536w\" sizes=\"auto, (max-width: 1920px) 100vw, 1920px\" \/><\/span><\/figure><\/div>\n\n<p data-block-type=\"core\">En 2024, tuvimos el placer de participar como expositores en este prestigioso evento. Mostramos con orgullo nuestras embarcaciones, que atrajeron mucho la atenci\u00f3n de los visitantes. Presentamos una mezcla de modelos nuevos y de nuestros superventas, todos ellos muy bien valorados por su dise\u00f1o y rendimiento.  <br\/><\/p>\n\n<div class=\"wp-block-stackable-image stk-block-image stk-block stk-87b2442\" data-block-id=\"87b2442\"><style>.stk-87b2442 {margin-bottom:10px !important;}.stk-87b2442 .stk-img-wrapper{aspect-ratio:4\/3 !important;height:575px !important;--stk-gradient-overlay:0.4 !important;}.stk-87b2442 .stk-img-wrapper img{transform:scale(1.2) !important;}:where(.stk-hover-parent:hover,  .stk-hover-parent.stk--is-hovered) .stk-87b2442 .stk-img-wrapper img{transform:scale(1) !important;}.stk-87b2442 .stk-img-wrapper::after{background-color:var(--theme-palette-color-4, #102136) !important;}:where(.stk-hover-parent:hover,  .stk-hover-parent.stk--is-hovered) .stk-87b2442 .stk-img-wrapper::after{background-color:var(--theme-palette-color-2, #5e3fde) !important;}:where(.stk-hover-parent:hover,  .stk-hover-parent.stk--is-hovered) .stk-87b2442 .stk-img-wrapper{--stk-gradient-overlay:0.95 !important;}<\/style><figure><span class=\"stk-img-wrapper stk-image--shape-stretch\"><img loading=\"lazy\" decoding=\"async\" class=\"stk-img wp-image-5194\" src=\"https:\/\/yourboat.es\/wp-content\/uploads\/2025\/04\/IMG_5153-scaled.jpg\" width=\"1920\" height=\"2560\" srcset=\"https:\/\/yourboat.es\/wp-content\/uploads\/2025\/04\/IMG_5153-scaled.jpg 1920w, https:\/\/yourboat.es\/wp-content\/uploads\/2025\/04\/IMG_5153-225x300.jpg 225w, https:\/\/yourboat.es\/wp-content\/uploads\/2025\/04\/IMG_5153-768x1024.jpg 768w, https:\/\/yourboat.es\/wp-content\/uploads\/2025\/04\/IMG_5153-1152x1536.jpg 1152w, https:\/\/yourboat.es\/wp-content\/uploads\/2025\/04\/IMG_5153-1536x2048.jpg 1536w\" sizes=\"auto, (max-width: 1920px) 100vw, 1920px\" \/><\/span><\/figure><\/div>\n\n<p data-block-type=\"core\">Durante el sal\u00f3n, hicimos valiosas conexiones comerciales y conseguimos nuevos clientes, lo que demuestra que nuestra presencia en el Sal\u00f3n N\u00e1utico de Palma fue un gran \u00e9xito. Muchas gracias a todos los que os pasasteis por aqu\u00ed: \u00a1esperamos veros en los pr\u00f3ximos eventos! <\/p>\n","protected":false},"excerpt":{"rendered":"<p>El Sal\u00f3n N\u00e1utico Internacional de Palma es uno de los acontecimientos m\u00e1s importantes del sector n\u00e1utico en Europa, y marca el inicio oficial de la temporada de salones n\u00e1uticos en las Islas Baleares. Se celebra en el hermoso puerto de Palma de Mallorca y atrae a fabricantes, aficionados a la n\u00e1utica y profesionales del sector [&hellip;]<\/p>\n","protected":false},"author":3,"featured_media":5202,"comment_status":"closed","ping_status":"closed","sticky":false,"template":"","format":"standard","meta":{"_acf_changed":false,"inline_featured_image":false,"footnotes":""},"categories":[15],"tags":[],"class_list":["post-5213","post","type-post","status-publish","format-standard","has-post-thumbnail","hentry","category-sin-categorizar"],"blocksy_meta":[],"acf":false,"_links":{"self":[{"href":"https:\/\/yourboat.es\/es\/wp-json\/wp\/v2\/posts\/5213","targetHints":{"allow":["GET"]}}],"collection":[{"href":"https:\/\/yourboat.es\/es\/wp-json\/wp\/v2\/posts"}],"about":[{"href":"https:\/\/yourboat.es\/es\/wp-json\/wp\/v2\/types\/post"}],"author":[{"embeddable":true,"href":"https:\/\/yourboat.es\/es\/wp-json\/wp\/v2\/users\/3"}],"replies":[{"embeddable":true,"href":"https:\/\/yourboat.es\/es\/wp-json\/wp\/v2\/comments?post=5213"}],"version-history":[{"count":4,"href":"https:\/\/yourboat.es\/es\/wp-json\/wp\/v2\/posts\/5213\/revisions"}],"predecessor-version":[{"id":6223,"href":"https:\/\/yourboat.es\/es\/wp-json\/wp\/v2\/posts\/5213\/revisions\/6223"}],"wp:featuredmedia":[{"embeddable":true,"href":"https:\/\/yourboat.es\/es\/wp-json\/wp\/v2\/media\/5202"}],"wp:attachment":[{"href":"https:\/\/yourboat.es\/es\/wp-json\/wp\/v2\/media?parent=5213"}],"wp:term":[{"taxonomy":"category","embeddable":true,"href":"https:\/\/yourboat.es\/es\/wp-json\/wp\/v2\/categories?post=5213"},{"taxonomy":"post_tag","embeddable":true,"href":"https:\/\/yourboat.es\/es\/wp-json\/wp\/v2\/tags?post=5213"}],"curies":[{"name":"wp","href":"https:\/\/api.w.org\/{rel}","templated":true}]}}