{"id":5424,"date":"2025-04-30T09:42:50","date_gmt":"2025-04-30T09:42:50","guid":{"rendered":"https:\/\/yourboat.es\/tu-barco-en-el-salon-nautico-internacional-de-palma-2025\/"},"modified":"2025-05-22T19:53:00","modified_gmt":"2025-05-22T19:53:00","slug":"tu-barco-en-el-salon-nautico-internacional-de-palma-2025","status":"publish","type":"post","link":"https:\/\/yourboat.es\/es\/tu-barco-en-el-salon-nautico-internacional-de-palma-2025\/","title":{"rendered":"Tu barco en el Sal\u00f3n N\u00e1utico Internacional de Palma 2025"},"content":{"rendered":"\n<div class=\"wp-block-stackable-spacer stk-block-spacer stk--no-padding stk-block stk-48dcece\" data-block-id=\"48dcece\"><\/div>\n\n<p style=\"margin-right:0;margin-left:0;padding-right:var(--wp--preset--spacing--70);padding-left:var(--wp--preset--spacing--70)\" data-block-type=\"core\">Nos complace anunciar que Tu Barco ser\u00e1 uno de los expositores del Sal\u00f3n N\u00e1utico Internacional de Palma 2025, que tendr\u00e1 lugar del 30 de abril al 3 de mayo en el hermoso puerto de Palma de Mallorca.<\/p>\n\n<div class=\"wp-block-stackable-spacer stk-block-spacer stk--no-padding stk-block stk-dec4e46\" data-block-id=\"dec4e46\"><\/div>\n\n<div class=\"wp-block-stackable-image stk-block-image stk-block stk-64889e0\" data-block-id=\"64889e0\"><style>.stk-64889e0 {margin-bottom:30px !important;}.stk-64889e0 .stk-img-wrapper{aspect-ratio:1\/1 !important;width:50vw !important;height:50vh !important;}:where(.stk-hover-parent:hover,  .stk-hover-parent.stk--is-hovered) .stk-64889e0 .stk-img-wrapper img{transform:scale(1) !important;}.stk-64889e0 .stk-img-wrapper img{object-position:51% 77% !important;}:where(.stk-hover-parent:hover,  .stk-hover-parent.stk--is-hovered) .stk-64889e0 .stk-img-wrapper::after{background-color:var(--theme-palette-color-2, #5e3fde) !important;}:where(.stk-hover-parent:hover,  .stk-hover-parent.stk--is-hovered) .stk-64889e0 .stk-img-wrapper{--stk-gradient-overlay:0.95 !important;}@media screen and (max-width:689px){.stk-64889e0 .stk-img-wrapper{width:100% !important;}}<\/style><figure><span class=\"stk-img-wrapper stk-image--shape-stretch stk--has-lightbox\"><img loading=\"lazy\" decoding=\"async\" class=\"stk-img wp-image-5416\" src=\"https:\/\/yourboat.es\/wp-content\/uploads\/2025\/04\/WhatsApp-Image-2025-04-30-at-11.31.38.jpeg\" width=\"1200\" height=\"1600\" srcset=\"https:\/\/yourboat.es\/wp-content\/uploads\/2025\/04\/WhatsApp-Image-2025-04-30-at-11.31.38.jpeg 1200w, https:\/\/yourboat.es\/wp-content\/uploads\/2025\/04\/WhatsApp-Image-2025-04-30-at-11.31.38-225x300.jpeg 225w, https:\/\/yourboat.es\/wp-content\/uploads\/2025\/04\/WhatsApp-Image-2025-04-30-at-11.31.38-768x1024.jpeg 768w, https:\/\/yourboat.es\/wp-content\/uploads\/2025\/04\/WhatsApp-Image-2025-04-30-at-11.31.38-1152x1536.jpeg 1152w\" sizes=\"auto, (max-width: 1200px) 100vw, 1200px\" \/><\/span><\/figure><\/div>\n\n<p data-block-type=\"core\">Te invitamos cordialmente a visitar nuestro stand, donde encontrar\u00e1s expuestas cinco embarcaciones \u00fanicas, que cubren una amplia gama de precios para adaptarse a todo tipo de clientes. Durante la feria, desvelaremos nuevos modelos que hacen su debut oficial en nuestra gama. <\/p>\n\n<p style=\"margin-right:0;margin-left:0;padding-right:var(--wp--preset--spacing--70);padding-left:var(--wp--preset--spacing--70)\" data-block-type=\"core\"><\/p>\n\n<div class=\"wp-block-stackable-image stk-block-image stk-block stk-766f00b\" data-block-id=\"766f00b\"><style>.stk-766f00b {margin-bottom:10px !important;}.stk-766f00b .stk-img-wrapper{aspect-ratio:1\/1 !important;width:50vw !important;height:50vh !important;}:where(.stk-hover-parent:hover,  .stk-hover-parent.stk--is-hovered) .stk-766f00b .stk-img-wrapper img{transform:scale(1) !important;}.stk-766f00b .stk-img-wrapper img{object-position:48% 76% !important;}:where(.stk-hover-parent:hover,  .stk-hover-parent.stk--is-hovered) .stk-766f00b .stk-img-wrapper::after{background-color:var(--theme-palette-color-2, #5e3fde) !important;}:where(.stk-hover-parent:hover,  .stk-hover-parent.stk--is-hovered) .stk-766f00b .stk-img-wrapper{--stk-gradient-overlay:0.95 !important;}@media screen and (max-width:689px){.stk-766f00b .stk-img-wrapper{width:100% !important;}}<\/style><figure><span class=\"stk-img-wrapper stk-image--shape-stretch stk--has-lightbox\"><img loading=\"lazy\" decoding=\"async\" class=\"stk-img wp-image-5410\" src=\"https:\/\/yourboat.es\/wp-content\/uploads\/2025\/04\/WhatsApp-Image-2025-04-30-at-11.31.382.jpeg\" width=\"1200\" height=\"1600\" srcset=\"https:\/\/yourboat.es\/wp-content\/uploads\/2025\/04\/WhatsApp-Image-2025-04-30-at-11.31.382.jpeg 1200w, https:\/\/yourboat.es\/wp-content\/uploads\/2025\/04\/WhatsApp-Image-2025-04-30-at-11.31.382-225x300.jpeg 225w, https:\/\/yourboat.es\/wp-content\/uploads\/2025\/04\/WhatsApp-Image-2025-04-30-at-11.31.382-768x1024.jpeg 768w, https:\/\/yourboat.es\/wp-content\/uploads\/2025\/04\/WhatsApp-Image-2025-04-30-at-11.31.382-1152x1536.jpeg 1152w\" sizes=\"auto, (max-width: 1200px) 100vw, 1200px\" \/><\/span><\/figure><\/div>\n\n<p style=\"margin-right:0;margin-left:0;padding-right:var(--wp--preset--spacing--70);padding-left:var(--wp--preset--spacing--70)\" data-block-type=\"core\"><\/p>\n\n<p data-block-type=\"core\">Pero eso no es todo: hemos preparado algunos extras fant\u00e1sticos para ti, como m\u00fasica en directo, refrescos y precios exclusivos del Sal\u00f3n N\u00e1utico disponibles s\u00f3lo durante el evento.<\/p>\n\n<p style=\"margin-right:0;margin-left:0;padding-right:var(--wp--preset--spacing--70);padding-left:var(--wp--preset--spacing--70)\" data-block-type=\"core\"><\/p>\n\n<div class=\"wp-block-stackable-image stk-block-image stk-block stk-3041813\" data-block-id=\"3041813\"><style>.stk-3041813 {margin-bottom:10px !important;}.stk-3041813 .stk-img-wrapper{aspect-ratio:1\/1 !important;width:50vw !important;height:50vh !important;}:where(.stk-hover-parent:hover,  .stk-hover-parent.stk--is-hovered) .stk-3041813 .stk-img-wrapper img{transform:scale(1) !important;}.stk-3041813 .stk-img-wrapper img{object-position:47% 55.00000000000001% !important;}:where(.stk-hover-parent:hover,  .stk-hover-parent.stk--is-hovered) .stk-3041813 .stk-img-wrapper::after{background-color:var(--theme-palette-color-2, #5e3fde) !important;}:where(.stk-hover-parent:hover,  .stk-hover-parent.stk--is-hovered) .stk-3041813 .stk-img-wrapper{--stk-gradient-overlay:0.95 !important;}@media screen and (max-width:689px){.stk-3041813 .stk-img-wrapper{width:100% !important;}}<\/style><figure><span class=\"stk-img-wrapper stk-image--shape-stretch stk--has-lightbox\"><img loading=\"lazy\" decoding=\"async\" class=\"stk-img wp-image-5419\" src=\"https:\/\/yourboat.es\/wp-content\/uploads\/2025\/04\/WhatsApp-Image-2025-04-30-at-11.38.26.jpeg\" width=\"2048\" height=\"1536\" srcset=\"https:\/\/yourboat.es\/wp-content\/uploads\/2025\/04\/WhatsApp-Image-2025-04-30-at-11.38.26.jpeg 2048w, https:\/\/yourboat.es\/wp-content\/uploads\/2025\/04\/WhatsApp-Image-2025-04-30-at-11.38.26-300x225.jpeg 300w, https:\/\/yourboat.es\/wp-content\/uploads\/2025\/04\/WhatsApp-Image-2025-04-30-at-11.38.26-1024x768.jpeg 1024w, https:\/\/yourboat.es\/wp-content\/uploads\/2025\/04\/WhatsApp-Image-2025-04-30-at-11.38.26-768x576.jpeg 768w, https:\/\/yourboat.es\/wp-content\/uploads\/2025\/04\/WhatsApp-Image-2025-04-30-at-11.38.26-1536x1152.jpeg 1536w\" sizes=\"auto, (max-width: 2048px) 100vw, 2048px\" \/><\/span><\/figure><\/div>\n\n<p style=\"margin-right:0;margin-left:0;padding-right:var(--wp--preset--spacing--70);padding-left:var(--wp--preset--spacing--70)\" data-block-type=\"core\"><\/p>\n\n<p data-block-type=\"core\">Para estar al d\u00eda de todas las noticias y momentos entre bastidores, aseg\u00farate de seguirnos en Instagram en @yourboat.es: compartiremos muchas actualizaciones antes y durante el espect\u00e1culo.<\/p>\n\n<div class=\"wp-block-stackable-image stk-block-image stk-block stk-6d6b0a1\" data-block-id=\"6d6b0a1\"><style>.stk-6d6b0a1 {margin-bottom:10px !important;}.stk-6d6b0a1 .stk-img-wrapper{width:45vw !important;height:50vh !important;--stk-gradient-overlay:0.4 !important;}:where(.stk-hover-parent:hover,  .stk-hover-parent.stk--is-hovered) .stk-6d6b0a1 .stk-img-wrapper img{transform:scale(1) !important;}:where(.stk-hover-parent:hover,  .stk-hover-parent.stk--is-hovered) .stk-6d6b0a1 .stk-img-wrapper::after{background-color:var(--theme-palette-color-2, #5e3fde) !important;}:where(.stk-hover-parent:hover,  .stk-hover-parent.stk--is-hovered) .stk-6d6b0a1 .stk-img-wrapper{--stk-gradient-overlay:0.95 !important;}@media screen and (max-width:689px){.stk-6d6b0a1 .stk-img-wrapper{width:100% !important;}}<\/style><figure><span class=\"stk-img-wrapper stk-image--shape-stretch\"><img loading=\"lazy\" decoding=\"async\" class=\"stk-img wp-image-4914\" src=\"https:\/\/yourboat.es\/wp-content\/uploads\/2025\/03\/PALMA-BOAT-SHOW-3.png\" width=\"2560\" height=\"1700\" alt=\"PALMA BOAT SHOW Tu barco\" srcset=\"https:\/\/yourboat.es\/wp-content\/uploads\/2025\/03\/PALMA-BOAT-SHOW-3.png 2560w, https:\/\/yourboat.es\/wp-content\/uploads\/2025\/03\/PALMA-BOAT-SHOW-3-300x199.png 300w, https:\/\/yourboat.es\/wp-content\/uploads\/2025\/03\/PALMA-BOAT-SHOW-3-1024x680.png 1024w, https:\/\/yourboat.es\/wp-content\/uploads\/2025\/03\/PALMA-BOAT-SHOW-3-768x510.png 768w, https:\/\/yourboat.es\/wp-content\/uploads\/2025\/03\/PALMA-BOAT-SHOW-3-1536x1020.png 1536w, https:\/\/yourboat.es\/wp-content\/uploads\/2025\/03\/PALMA-BOAT-SHOW-3-2048x1360.png 2048w\" sizes=\"auto, (max-width: 2560px) 100vw, 2560px\" \/><\/span><\/figure><\/div>\n\n<p style=\"margin-right:0;margin-left:0;padding-right:var(--wp--preset--spacing--70);padding-left:var(--wp--preset--spacing--70)\" data-block-type=\"core\">\u00a1Nos vemos en el Sal\u00f3n N\u00e1utico Internacional de Palma 2025!<\/p>\n\n<div class=\"wp-block-stackable-spacer stk-block-spacer stk--no-padding stk-block stk-62b2500\" data-block-id=\"62b2500\"><\/div>\n\n<div class=\"wp-block-stackable-heading stk-block-heading stk-block-heading--v2 stk-block stk-39f9fce\" id=\"virtual-trip-360\" data-block-id=\"39f9fce\"><h2 class=\"stk-block-heading__text has-text-align-center\">Viaje virtual 360<\/h2><\/div>\n\n<div class=\"wp-block-stackable-button-group stk-block-button-group stk-block stk-6b17b49\" data-block-id=\"6b17b49\"><div class=\"stk-row stk-inner-blocks has-text-align-center stk-block-content stk-button-group\">\n<div class=\"wp-block-stackable-button stk-block-button has-text-align-center stk-block stk-15aad0c\" data-block-id=\"15aad0c\"><style>.stk-15aad0c {align-items:center !important;display:flex !important;}.stk-15aad0c .stk-button{min-height:0px !important;padding-top:17px !important;padding-right:40px !important;padding-bottom:17px !important;padding-left:40px !important;}<\/style><a class=\"stk-link stk-button stk--hover-effect-darken\" href=\"https:\/\/palma.virtual-boat-show.com\/2025\/?lang=#node21,-193.9923499433491,-26.18821380920746,110,4\" target=\"_blank\" rel=\"noopener\"><span class=\"stk-button__inner-text\">Haz clic aqu\u00ed<\/span><\/a><\/div>\n<\/div><\/div>\n\n<div class=\"wp-block-stackable-spacer stk-block-spacer stk--no-padding stk-block stk-9804c75\" data-block-id=\"9804c75\"><\/div>\n\n<p data-block-type=\"core\"><\/p>\n","protected":false},"excerpt":{"rendered":"<p>Nos complace anunciar que Tu Barco ser\u00e1 uno de los expositores del Sal\u00f3n N\u00e1utico Internacional de Palma 2025, que tendr\u00e1 lugar del 30 de abril al 3 de mayo en el hermoso puerto de Palma de Mallorca. Te invitamos cordialmente a visitar nuestro stand, donde encontrar\u00e1s expuestas cinco embarcaciones \u00fanicas, que cubren una amplia gama [&hellip;]<\/p>\n","protected":false},"author":3,"featured_media":5415,"comment_status":"open","ping_status":"open","sticky":false,"template":"","format":"standard","meta":{"_acf_changed":false,"inline_featured_image":false,"footnotes":""},"categories":[15],"tags":[],"class_list":["post-5424","post","type-post","status-publish","format-standard","has-post-thumbnail","hentry","category-sin-categorizar"],"blocksy_meta":[],"acf":{"events_date":"2025-04-30 10:00:00","google_map":false},"_links":{"self":[{"href":"https:\/\/yourboat.es\/es\/wp-json\/wp\/v2\/posts\/5424","targetHints":{"allow":["GET"]}}],"collection":[{"href":"https:\/\/yourboat.es\/es\/wp-json\/wp\/v2\/posts"}],"about":[{"href":"https:\/\/yourboat.es\/es\/wp-json\/wp\/v2\/types\/post"}],"author":[{"embeddable":true,"href":"https:\/\/yourboat.es\/es\/wp-json\/wp\/v2\/users\/3"}],"replies":[{"embeddable":true,"href":"https:\/\/yourboat.es\/es\/wp-json\/wp\/v2\/comments?post=5424"}],"version-history":[{"count":11,"href":"https:\/\/yourboat.es\/es\/wp-json\/wp\/v2\/posts\/5424\/revisions"}],"predecessor-version":[{"id":5646,"href":"https:\/\/yourboat.es\/es\/wp-json\/wp\/v2\/posts\/5424\/revisions\/5646"}],"wp:featuredmedia":[{"embeddable":true,"href":"https:\/\/yourboat.es\/es\/wp-json\/wp\/v2\/media\/5415"}],"wp:attachment":[{"href":"https:\/\/yourboat.es\/es\/wp-json\/wp\/v2\/media?parent=5424"}],"wp:term":[{"taxonomy":"category","embeddable":true,"href":"https:\/\/yourboat.es\/es\/wp-json\/wp\/v2\/categories?post=5424"},{"taxonomy":"post_tag","embeddable":true,"href":"https:\/\/yourboat.es\/es\/wp-json\/wp\/v2\/tags?post=5424"}],"curies":[{"name":"wp","href":"https:\/\/api.w.org\/{rel}","templated":true}]}}