{"id":6261,"date":"2024-10-12T13:34:00","date_gmt":"2024-10-12T13:34:00","guid":{"rendered":"https:\/\/yourboat.es\/salon-nautico-port-dandratx-2024-tu-barco-en-escena\/"},"modified":"2026-04-07T08:37:22","modified_gmt":"2026-04-07T08:37:22","slug":"salon-nautico-port-dandratx-2024-tu-barco-en-escena","status":"publish","type":"post","link":"https:\/\/yourboat.es\/es\/salon-nautico-port-dandratx-2024-tu-barco-en-escena\/","title":{"rendered":"Sal\u00f3n N\u00e1utico &#8211; Port d&#8217;Andratx 2024 &#8211; \u00a1Tu barco en escena!"},"content":{"rendered":"\n<p data-block-type=\"core\">Los d\u00edas 9 y 10 de noviembre de 2024, el pintoresco Port d&#8217;Andratx organiz\u00f3 su propio Sal\u00f3n N\u00e1utico, que reuni\u00f3 a los principales actores de la industria n\u00e1utica, a los entusiastas de la navegaci\u00f3n y a la comunidad local. M\u00e1s de 40 expositores se alinearon en el paseo mar\u00edtimo y el puerto deportivo, creando un ambiente inspirador y vibrante lleno de innovaci\u00f3n y pasi\u00f3n por la vida en el agua. Los visitantes tambi\u00e9n disfrutaron de un placer culinario, con 13 restaurantes locales que ofrecieron men\u00fas especiales con marisco fresco y cocina tradicional mallorquina.  <\/p>\n\n<p data-block-type=\"core\">Tu Barco se enorgulleci\u00f3 de ser uno de los expositores de este emocionante evento. Expusimos nuestro modelo Valory Boats, que llam\u00f3 mucho la atenci\u00f3n por su elegante dise\u00f1o y su extraordinario rendimiento. Fue la oportunidad perfecta para conectar con los visitantes, responder a sus preguntas y compartir lo que distingue a nuestras embarcaciones.  <\/p>\n\n<p data-block-type=\"core\">El Sal\u00f3n N\u00e1utico de Port d&#8217;Andratx nos permiti\u00f3 no s\u00f3lo establecer nuevas conexiones comerciales, sino tambi\u00e9n reforzar a\u00fan m\u00e1s nuestra posici\u00f3n como distribuidor de embarcaciones profesional y de confianza en las Islas Baleares. \u00a1Ya estamos deseando que llegue la pr\u00f3xima edici\u00f3n y vivir m\u00e1s grandes momentos en el agua! <\/p>\n\n<div class=\"wp-block-stackable-image stk-block-image stk-block stk-0ae9404\" data-block-id=\"0ae9404\"><style>.stk-0ae9404 {margin-bottom:10px !important;}.stk-0ae9404 .stk-img-wrapper{width:100% !important;height:730px !important;--stk-gradient-overlay:0.4 !important;}.stk-0ae9404 .stk-img-wrapper img{transform:scale(1.2) !important;}:where(.stk-hover-parent:hover,  .stk-hover-parent.stk--is-hovered) .stk-0ae9404 .stk-img-wrapper img{transform:scale(1) !important;}.stk-0ae9404 .stk-img-wrapper::after{background-color:var(--theme-palette-color-4, #102136) !important;}:where(.stk-hover-parent:hover,  .stk-hover-parent.stk--is-hovered) .stk-0ae9404 .stk-img-wrapper::after{background-color:var(--theme-palette-color-2, #5e3fde) !important;}:where(.stk-hover-parent:hover,  .stk-hover-parent.stk--is-hovered) .stk-0ae9404 .stk-img-wrapper{--stk-gradient-overlay:0.95 !important;}<\/style><figure><span class=\"stk-img-wrapper stk-image--shape-stretch\"><img loading=\"lazy\" decoding=\"async\" class=\"stk-img wp-image-6214\" src=\"https:\/\/yourboat.es\/wp-content\/uploads\/2026\/04\/news-2-scaled.jpg\" width=\"2560\" height=\"1920\" srcset=\"https:\/\/yourboat.es\/wp-content\/uploads\/2026\/04\/news-2-scaled.jpg 2560w, https:\/\/yourboat.es\/wp-content\/uploads\/2026\/04\/news-2-300x225.jpg 300w, https:\/\/yourboat.es\/wp-content\/uploads\/2026\/04\/news-2-1024x768.jpg 1024w, https:\/\/yourboat.es\/wp-content\/uploads\/2026\/04\/news-2-768x576.jpg 768w, https:\/\/yourboat.es\/wp-content\/uploads\/2026\/04\/news-2-1536x1152.jpg 1536w, https:\/\/yourboat.es\/wp-content\/uploads\/2026\/04\/news-2-2048x1536.jpg 2048w\" sizes=\"auto, (max-width: 2560px) 100vw, 2560px\" \/><\/span><\/figure><\/div>\n","protected":false},"excerpt":{"rendered":"<p>Los d\u00edas 9 y 10 de noviembre de 2024, el pintoresco Port d&#8217;Andratx organiz\u00f3 su propio Sal\u00f3n N\u00e1utico, que reuni\u00f3 a los principales actores de la industria n\u00e1utica, a los entusiastas de la navegaci\u00f3n y a la comunidad local. M\u00e1s de 40 expositores se alinearon en el paseo mar\u00edtimo y el puerto deportivo, creando un [&hellip;]<\/p>\n","protected":false},"author":2,"featured_media":6263,"comment_status":"closed","ping_status":"closed","sticky":false,"template":"","format":"standard","meta":{"_acf_changed":false,"inline_featured_image":false,"footnotes":""},"categories":[15],"tags":[],"class_list":["post-6261","post","type-post","status-publish","format-standard","has-post-thumbnail","hentry","category-sin-categorizar"],"blocksy_meta":[],"acf":false,"_links":{"self":[{"href":"https:\/\/yourboat.es\/es\/wp-json\/wp\/v2\/posts\/6261","targetHints":{"allow":["GET"]}}],"collection":[{"href":"https:\/\/yourboat.es\/es\/wp-json\/wp\/v2\/posts"}],"about":[{"href":"https:\/\/yourboat.es\/es\/wp-json\/wp\/v2\/types\/post"}],"author":[{"embeddable":true,"href":"https:\/\/yourboat.es\/es\/wp-json\/wp\/v2\/users\/2"}],"replies":[{"embeddable":true,"href":"https:\/\/yourboat.es\/es\/wp-json\/wp\/v2\/comments?post=6261"}],"version-history":[{"count":2,"href":"https:\/\/yourboat.es\/es\/wp-json\/wp\/v2\/posts\/6261\/revisions"}],"predecessor-version":[{"id":6318,"href":"https:\/\/yourboat.es\/es\/wp-json\/wp\/v2\/posts\/6261\/revisions\/6318"}],"wp:featuredmedia":[{"embeddable":true,"href":"https:\/\/yourboat.es\/es\/wp-json\/wp\/v2\/media\/6263"}],"wp:attachment":[{"href":"https:\/\/yourboat.es\/es\/wp-json\/wp\/v2\/media?parent=6261"}],"wp:term":[{"taxonomy":"category","embeddable":true,"href":"https:\/\/yourboat.es\/es\/wp-json\/wp\/v2\/categories?post=6261"},{"taxonomy":"post_tag","embeddable":true,"href":"https:\/\/yourboat.es\/es\/wp-json\/wp\/v2\/tags?post=6261"}],"curies":[{"name":"wp","href":"https:\/\/api.w.org\/{rel}","templated":true}]}}