{"id":6285,"date":"2025-05-30T14:00:00","date_gmt":"2025-05-30T14:00:00","guid":{"rendered":"https:\/\/yourboat.es\/la-gran-noche\/"},"modified":"2026-04-07T08:37:21","modified_gmt":"2026-04-07T08:37:21","slug":"la-gran-noche","status":"publish","type":"post","link":"https:\/\/yourboat.es\/es\/la-gran-noche\/","title":{"rendered":"La Gran Noche"},"content":{"rendered":"\n<p data-block-type=\"core\">Nos sentimos orgullosos de formar parte de <em>La Gran Noche<\/em>, un evento exclusivo que celebra la moda y el arte en Mallorca.<\/p>\n\n<p data-block-type=\"core\">Celebrada en el CCA Andratx el 24 de mayo de 2025, la velada reuni\u00f3 creatividad, elegancia y encuentros inspiradores en un entorno verdaderamente \u00fanico. Como parte de este extraordinario evento, tuvimos la oportunidad de mostrar nuestra embarcaci\u00f3n, una fusi\u00f3n perfecta de dise\u00f1o, artesan\u00eda y el esp\u00edritu de la vida en el agua. <\/p>\n\n<p data-block-type=\"core\">El ambiente durante toda la velada estuvo lleno de creatividad y conexiones significativas, ofreciendo una plataforma en la que el arte, la moda y el dise\u00f1o n\u00e1utico se unieron en armon\u00eda.<\/p>\n\n<p data-block-type=\"core\">Nos gustar\u00eda expresar nuestro m\u00e1s sincero agradecimiento por la oportunidad de formar parte de este acontecimiento especial, as\u00ed como a todos los que se unieron a nosotros y lo convirtieron en una experiencia memorable. Fue un placer compartir nuestra pasi\u00f3n y formar parte de una reuni\u00f3n tan inspiradora. <\/p>\n\n<figure class=\"wp-block-image size-large is-resized\" data-block-type=\"core\"><img loading=\"lazy\" decoding=\"async\" width=\"1024\" height=\"768\" src=\"https:\/\/yourboat.es\/wp-content\/uploads\/2026\/04\/IMG_3358-1024x768.jpg\" alt=\"\" class=\"wp-image-6226\" style=\"width:987px;height:auto\" srcset=\"https:\/\/yourboat.es\/wp-content\/uploads\/2026\/04\/IMG_3358-1024x768.jpg 1024w, https:\/\/yourboat.es\/wp-content\/uploads\/2026\/04\/IMG_3358-300x225.jpg 300w, https:\/\/yourboat.es\/wp-content\/uploads\/2026\/04\/IMG_3358-768x576.jpg 768w, https:\/\/yourboat.es\/wp-content\/uploads\/2026\/04\/IMG_3358-1536x1152.jpg 1536w, https:\/\/yourboat.es\/wp-content\/uploads\/2026\/04\/IMG_3358-2048x1536.jpg 2048w\" sizes=\"auto, (max-width: 1024px) 100vw, 1024px\" \/><\/figure>\n","protected":false},"excerpt":{"rendered":"<p>Nos sentimos orgullosos de formar parte de La Gran Noche, un evento exclusivo que celebra la moda y el arte en Mallorca. Celebrada en el CCA Andratx el 24 de mayo de 2025, la velada reuni\u00f3 creatividad, elegancia y encuentros inspiradores en un entorno verdaderamente \u00fanico. Como parte de este extraordinario evento, tuvimos la oportunidad [&hellip;]<\/p>\n","protected":false},"author":2,"featured_media":6288,"comment_status":"closed","ping_status":"closed","sticky":false,"template":"","format":"standard","meta":{"_acf_changed":false,"inline_featured_image":false,"footnotes":""},"categories":[15],"tags":[],"class_list":["post-6285","post","type-post","status-publish","format-standard","has-post-thumbnail","hentry","category-sin-categorizar"],"blocksy_meta":[],"acf":false,"_links":{"self":[{"href":"https:\/\/yourboat.es\/es\/wp-json\/wp\/v2\/posts\/6285","targetHints":{"allow":["GET"]}}],"collection":[{"href":"https:\/\/yourboat.es\/es\/wp-json\/wp\/v2\/posts"}],"about":[{"href":"https:\/\/yourboat.es\/es\/wp-json\/wp\/v2\/types\/post"}],"author":[{"embeddable":true,"href":"https:\/\/yourboat.es\/es\/wp-json\/wp\/v2\/users\/2"}],"replies":[{"embeddable":true,"href":"https:\/\/yourboat.es\/es\/wp-json\/wp\/v2\/comments?post=6285"}],"version-history":[{"count":1,"href":"https:\/\/yourboat.es\/es\/wp-json\/wp\/v2\/posts\/6285\/revisions"}],"predecessor-version":[{"id":6291,"href":"https:\/\/yourboat.es\/es\/wp-json\/wp\/v2\/posts\/6285\/revisions\/6291"}],"wp:featuredmedia":[{"embeddable":true,"href":"https:\/\/yourboat.es\/es\/wp-json\/wp\/v2\/media\/6288"}],"wp:attachment":[{"href":"https:\/\/yourboat.es\/es\/wp-json\/wp\/v2\/media?parent=6285"}],"wp:term":[{"taxonomy":"category","embeddable":true,"href":"https:\/\/yourboat.es\/es\/wp-json\/wp\/v2\/categories?post=6285"},{"taxonomy":"post_tag","embeddable":true,"href":"https:\/\/yourboat.es\/es\/wp-json\/wp\/v2\/tags?post=6285"}],"curies":[{"name":"wp","href":"https:\/\/api.w.org\/{rel}","templated":true}]}}